{"id":14389,"date":"2023-03-20T09:55:26","date_gmt":"2023-03-20T08:55:26","guid":{"rendered":"https:\/\/lameche.net\/non-classifiee\/sustainability-week\/"},"modified":"2024-03-28T15:54:31","modified_gmt":"2024-03-28T14:54:31","slug":"sustainability-week","status":"publish","type":"post","link":"https:\/\/lameche.net\/en\/the-big-diary\/sustainability-week\/","title":{"rendered":"Sustainability Week"},"content":{"rendered":"<div  class=\"tatsu-r1WKeJVMCi tatsu-section  tatsu-bg-overlay   tatsu-clearfix\" data-title=\"\"  data-headerscheme=\"background--dark\"><div class='tatsu-section-pad clearfix' data-padding='{\"d\":\"0px 0px 90px 0px\"}' data-padding-top='0px'><div class=\"tatsu-row-wrap  tatsu-wrap tatsu-row-has-one-half tatsu-row-has-two-cols tatsu-medium-gutter tatsu-reg-cols  tatsu-clearfix tatsu-Byltg1EGAi\" ><div  class=\"tatsu-row \" ><div  class=\"tatsu-column  tatsu-bg-overlay tatsu-one-half tatsu-column-image-none tatsu-column-effect-none  tatsu-HJseJVMCj\"  data-parallax-speed=\"0\" style=\"\"><div class=\"tatsu-column-inner \" ><div class=\"tatsu-column-pad-wrap\"><div class=\"tatsu-column-pad\" ><div  class=\"tatsu-single-image tatsu-module align-center tatsu-image-lazyload tatsu-SklTFI9Uj  \" ><div class=\"tatsu-single-image-inner \" style=\"width : 1899px;\" ><div class = \"tatsu-single-image-padding-wrap\" style = \"padding-bottom : 90.363349131122%;\" ><\/div><img class = \"tatsu-gradient-border\" alt = \"\" title = \"Garderobe-Ve\u0302tements-Location-Solution-Durable\" data-src = \"https:\/\/lameche.net\/wp-content\/uploads\/2023\/03\/Garderobe-Vetements-Location-Solution-Durable.jpg\" src =\"data:image\/png;base64,iVBORw0KGgoAAAANSUhEUgAAAAEAAAABCAQAAAC1HAwCAAAAC0lEQVR42mNkYAAAAAYAAjCB0C8AAAAASUVORK5CYII=\"  \/><\/div><style>.tatsu-SklTFI9Uj .tatsu-single-image-inner{border-style: solid;max-width: 100%;}.tatsu-SklTFI9Uj.tatsu-single-image{transform: translate3d(0px,0px, 0);}<\/style><\/div><\/div><\/div><div class = \"tatsu-column-bg-image-wrap\"><div class = \"tatsu-column-bg-image\" ><\/div><\/div><div class=\"tatsu-overlay tatsu-column-overlay tatsu-animate-none\" ><\/div><\/div><style>.tatsu-row > .tatsu-HJseJVMCj.tatsu-column{width: 50%;}.tatsu-HJseJVMCj.tatsu-column > .tatsu-column-inner > .tatsu-column-overlay{mix-blend-mode: normal;}.tatsu-HJseJVMCj > .tatsu-column-inner > .tatsu-top-divider{z-index: 9999;}.tatsu-HJseJVMCj > .tatsu-column-inner > .tatsu-bottom-divider{z-index: 9999;}.tatsu-HJseJVMCj > .tatsu-column-inner > .tatsu-left-divider{z-index: 9999;}.tatsu-HJseJVMCj > .tatsu-column-inner > .tatsu-right-divider{z-index: 9999;}@media only screen and (max-width:1377px) {.tatsu-row > .tatsu-HJseJVMCj.tatsu-column{width: 50%;}}@media only screen and (min-width:768px) and (max-width: 1024px) {.tatsu-row > .tatsu-HJseJVMCj.tatsu-column{width: 50%;}}@media only screen and (max-width: 767px) {.tatsu-row > .tatsu-HJseJVMCj.tatsu-column{width: 100%;}}<\/style><\/div><div  class=\"tatsu-column  tatsu-bg-overlay tatsu-one-half tatsu-column-image-none tatsu-column-effect-none  tatsu-Byxilk4fCi\"  data-parallax-speed=\"0\" style=\"\"><div class=\"tatsu-column-inner \" ><div class=\"tatsu-column-pad-wrap\"><div class=\"tatsu-column-pad\" ><div  class=\"tatsu-module tatsu-inline-text clearfix tatsu-H1tN1NzAo   \" ><style>.tatsu-H1tN1NzAo .tatsu-inline-text-inner{width: 100%;text-align: left;}.tatsu-H1tN1NzAo.tatsu-inline-text{margin: 0px 0px 20px 0px;}@media only screen and (max-width: 767px) {.tatsu-H1tN1NzAo .tatsu-inline-text-inner{width: 100%;}}<\/style><div class=\"tatsu-inline-text-inner tatsu-align-center\">\n<p>From March 20 to 24, 2023 in Geneva.<\/p>\n<p>Sustainability Week is all about taking stock of the current situation and looking to the future, through workshops, conferences, screenings and much more.<\/p>\n<\/div><\/div><div  class=\"tatsu-module tatsu-normal-button tatsu-button-wrap   tatsu-ByWIJVMRi   \"><a class=\"tatsu-shortcode mediumbtn tatsu-button left-icon circular   bg-animation-none  \" href=\"https:\/\/www.sdd-unige.org\/programme\" style=\"\" aria-label=\"Programme\" target=\"_blank\" rel=\"noopener\">Programme<\/a><style>.tatsu-ByWIJVMRi .tatsu-button{background-color: rgba(230,255,0,1);color: rgba(0,0,0,1) ;}<\/style><\/div><\/div><\/div><div class = \"tatsu-column-bg-image-wrap\"><div class = \"tatsu-column-bg-image\" ><\/div><\/div><div class=\"tatsu-overlay tatsu-column-overlay tatsu-animate-none\" ><\/div><\/div><style>.tatsu-row > .tatsu-Byxilk4fCi.tatsu-column{width: 50%;}.tatsu-Byxilk4fCi.tatsu-column > .tatsu-column-inner > .tatsu-column-overlay{mix-blend-mode: normal;}.tatsu-Byxilk4fCi > .tatsu-column-inner > .tatsu-top-divider{z-index: 9999;}.tatsu-Byxilk4fCi > .tatsu-column-inner > .tatsu-bottom-divider{z-index: 9999;}.tatsu-Byxilk4fCi > .tatsu-column-inner > .tatsu-left-divider{z-index: 9999;}.tatsu-Byxilk4fCi > .tatsu-column-inner > .tatsu-right-divider{z-index: 9999;}@media only screen and (max-width:1377px) {.tatsu-row > .tatsu-Byxilk4fCi.tatsu-column{width: 50%;}}@media only screen and (min-width:768px) and (max-width: 1024px) {.tatsu-row > .tatsu-Byxilk4fCi.tatsu-column{width: 50%;}}@media only screen and (max-width: 767px) {.tatsu-row > .tatsu-Byxilk4fCi.tatsu-column{width: 100%;}}<\/style><\/div><\/div><\/div><\/div><div class=\"tatsu-section-background-wrap\"><div class = \"tatsu-section-background\" ><\/div><\/div><div class=\"tatsu-overlay tatsu-section-overlay\"><\/div><style>.tatsu-r1WKeJVMCi .tatsu-section-pad{padding: 0px 0px 90px 0px;}.tatsu-r1WKeJVMCi .tatsu-section-offset-wrap{transform: translateY(-0px);}.tatsu-r1WKeJVMCi > .tatsu-bottom-divider{z-index: 9999;}.tatsu-r1WKeJVMCi > .tatsu-top-divider{z-index: 9999;}.tatsu-r1WKeJVMCi .tatsu-section-overlay{mix-blend-mode: normal;}<\/style><\/div>\n","protected":false},"excerpt":{"rendered":"<p>From March 20 to 24 in Geneva, Sustainability Week is organized by the Association des Etudiants pour le D\u00e9veloppement Durable (EDD) of the University of Geneva, with the support of the Rectorat de l&#8217;Universit\u00e9 de Gen\u00e8ve and the IHEID. The mission of this event is to promote and illustrate the concept of sustainable development.<\/p>\n<div><a href=\"https:\/\/lameche.net\/en\/the-big-diary\/sustainability-week\/\" class=\"exp-read-more exp-read-more-underlined\">Read More<\/a><\/div>\n","protected":false},"author":3,"featured_media":12550,"comment_status":"open","ping_status":"closed","sticky":false,"template":"","format":"standard","meta":{"inline_featured_image":false,"footnotes":""},"categories":[39],"tags":[],"class_list":["post-14389","post","type-post","status-publish","format-standard","has-post-thumbnail","hentry","category-the-big-diary"],"_links":{"self":[{"href":"https:\/\/lameche.net\/en\/wp-json\/wp\/v2\/posts\/14389","targetHints":{"allow":["GET"]}}],"collection":[{"href":"https:\/\/lameche.net\/en\/wp-json\/wp\/v2\/posts"}],"about":[{"href":"https:\/\/lameche.net\/en\/wp-json\/wp\/v2\/types\/post"}],"author":[{"embeddable":true,"href":"https:\/\/lameche.net\/en\/wp-json\/wp\/v2\/users\/3"}],"replies":[{"embeddable":true,"href":"https:\/\/lameche.net\/en\/wp-json\/wp\/v2\/comments?post=14389"}],"version-history":[{"count":1,"href":"https:\/\/lameche.net\/en\/wp-json\/wp\/v2\/posts\/14389\/revisions"}],"predecessor-version":[{"id":14406,"href":"https:\/\/lameche.net\/en\/wp-json\/wp\/v2\/posts\/14389\/revisions\/14406"}],"wp:featuredmedia":[{"embeddable":true,"href":"https:\/\/lameche.net\/en\/wp-json\/wp\/v2\/media\/12550"}],"wp:attachment":[{"href":"https:\/\/lameche.net\/en\/wp-json\/wp\/v2\/media?parent=14389"}],"wp:term":[{"taxonomy":"category","embeddable":true,"href":"https:\/\/lameche.net\/en\/wp-json\/wp\/v2\/categories?post=14389"},{"taxonomy":"post_tag","embeddable":true,"href":"https:\/\/lameche.net\/en\/wp-json\/wp\/v2\/tags?post=14389"}],"curies":[{"name":"wp","href":"https:\/\/api.w.org\/{rel}","templated":true}]}}